{"id":47,"date":"2013-12-24T18:48:06","date_gmt":"2013-12-24T18:48:06","guid":{"rendered":"http:\/\/192.168.1.104\/enfold-blog\/?p=47"},"modified":"2019-03-11T05:02:56","modified_gmt":"2019-03-11T08:02:56","slug":"entry-with-post-format-video","status":"publish","type":"post","link":"https:\/\/creaideas.cl\/w23\/2013\/12\/entry-with-post-format-video\/","title":{"rendered":"Videos Corporativos."},"content":{"rendered":"<div class='avia-iframe-wrap'><iframe loading=\"lazy\" src=\"https:\/\/player.vimeo.com\/video\/274820563?app_id=122963\" width=\"854\" height=\"480\" frameborder=\"0\" title=\"Spot  El Diablito Restobar\" allow=\"autoplay; fullscreen\" allowfullscreen><\/iframe><\/div>\n<p>Videos Corporativos, el atractivo de la imagen en movimiento esta al alcance de todos, en la actualidad con los equipos disponibles se puede lograr material muy atractivo y de gran impacto. <a href=\"http:\/\/grafica.creaideas.cl\/contacto\/\">cont\u00e1ctenos<\/a><\/p>\n","protected":false},"excerpt":{"rendered":"<p>Videos Corporativos, el atractivo de la imagen en movimiento esta al alcance de todos, en la actualidad con los equipos disponibles se puede lograr material muy atractivo y de gran impacto. cont\u00e1ctenos<\/p>\n","protected":false},"author":1,"featured_media":0,"comment_status":"open","ping_status":"open","sticky":false,"template":"","format":"video","meta":{"footnotes":""},"categories":[14],"tags":[53,49,48,50,52,51],"class_list":["post-47","post","type-post","status-publish","format-video","hentry","category-novedades","tag-promocionales","tag-spot","tag-videos","tag-videos-facebook","tag-videos-musicales","tag-videos-redes","post_format-post-format-video"],"yoast_head":"<!-- This site is optimized with the Yoast SEO plugin v26.6 - https:\/\/yoast.com\/wordpress\/plugins\/seo\/ -->\n<title>Videos Corporativos. - :: Agencia Creaideas.cl<\/title>\n<meta name=\"robots\" content=\"index, follow, max-snippet:-1, max-image-preview:large, max-video-preview:-1\" \/>\n<link rel=\"canonical\" href=\"https:\/\/creaideas.cl\/w23\/2013\/12\/entry-with-post-format-video\/\" \/>\n<meta property=\"og:locale\" content=\"es_ES\" \/>\n<meta property=\"og:type\" content=\"article\" \/>\n<meta property=\"og:title\" content=\"Videos Corporativos. - :: Agencia Creaideas.cl\" \/>\n<meta property=\"og:description\" content=\"Videos Corporativos, el atractivo de la imagen en movimiento esta al alcance de todos, en la actualidad con los equipos disponibles se puede lograr material muy atractivo y de gran impacto. cont\u00e1ctenos\" \/>\n<meta property=\"og:url\" content=\"https:\/\/creaideas.cl\/w23\/2013\/12\/entry-with-post-format-video\/\" \/>\n<meta property=\"og:site_name\" content=\":: Agencia Creaideas.cl\" \/>\n<meta property=\"article:publisher\" content=\"https:\/\/www.instagram.com\/creaideas.cl\/\" \/>\n<meta property=\"article:published_time\" content=\"2013-12-24T18:48:06+00:00\" \/>\n<meta property=\"article:modified_time\" content=\"2019-03-11T08:02:56+00:00\" \/>\n<meta name=\"author\" content=\"Arte\" \/>\n<meta name=\"twitter:card\" content=\"summary_large_image\" \/>\n<meta name=\"twitter:label1\" content=\"Escrito por\" \/>\n\t<meta name=\"twitter:data1\" content=\"Arte\" \/>\n<script type=\"application\/ld+json\" class=\"yoast-schema-graph\">{\"@context\":\"https:\/\/schema.org\",\"@graph\":[{\"@type\":\"Article\",\"@id\":\"https:\/\/creaideas.cl\/w23\/2013\/12\/entry-with-post-format-video\/#article\",\"isPartOf\":{\"@id\":\"https:\/\/creaideas.cl\/w23\/2013\/12\/entry-with-post-format-video\/\"},\"author\":{\"name\":\"Arte\",\"@id\":\"https:\/\/creaideas.cl\/w23\/#\/schema\/person\/ec57d2b44ced9dbeee05030cf74b5bf4\"},\"headline\":\"Videos Corporativos.\",\"datePublished\":\"2013-12-24T18:48:06+00:00\",\"dateModified\":\"2019-03-11T08:02:56+00:00\",\"mainEntityOfPage\":{\"@id\":\"https:\/\/creaideas.cl\/w23\/2013\/12\/entry-with-post-format-video\/\"},\"wordCount\":38,\"commentCount\":0,\"publisher\":{\"@id\":\"https:\/\/creaideas.cl\/w23\/#organization\"},\"keywords\":[\"promocionales\",\"spot\",\"videos\",\"videos facebook\",\"videos musicales\",\"videos redes\"],\"articleSection\":[\"Novedades\"],\"inLanguage\":\"es-CL\",\"potentialAction\":[{\"@type\":\"CommentAction\",\"name\":\"Comment\",\"target\":[\"https:\/\/creaideas.cl\/w23\/2013\/12\/entry-with-post-format-video\/#respond\"]}]},{\"@type\":\"WebPage\",\"@id\":\"https:\/\/creaideas.cl\/w23\/2013\/12\/entry-with-post-format-video\/\",\"url\":\"https:\/\/creaideas.cl\/w23\/2013\/12\/entry-with-post-format-video\/\",\"name\":\"Videos Corporativos. - :: Agencia Creaideas.cl\",\"isPartOf\":{\"@id\":\"https:\/\/creaideas.cl\/w23\/#website\"},\"datePublished\":\"2013-12-24T18:48:06+00:00\",\"dateModified\":\"2019-03-11T08:02:56+00:00\",\"breadcrumb\":{\"@id\":\"https:\/\/creaideas.cl\/w23\/2013\/12\/entry-with-post-format-video\/#breadcrumb\"},\"inLanguage\":\"es-CL\",\"potentialAction\":[{\"@type\":\"ReadAction\",\"target\":[\"https:\/\/creaideas.cl\/w23\/2013\/12\/entry-with-post-format-video\/\"]}]},{\"@type\":\"BreadcrumbList\",\"@id\":\"https:\/\/creaideas.cl\/w23\/2013\/12\/entry-with-post-format-video\/#breadcrumb\",\"itemListElement\":[{\"@type\":\"ListItem\",\"position\":1,\"name\":\"Portada\",\"item\":\"https:\/\/creaideas.cl\/w23\/\"},{\"@type\":\"ListItem\",\"position\":2,\"name\":\"Videos Corporativos.\"}]},{\"@type\":\"WebSite\",\"@id\":\"https:\/\/creaideas.cl\/w23\/#website\",\"url\":\"https:\/\/creaideas.cl\/w23\/\",\"name\":\"www.Creaideas.cl\",\"description\":\"dise\u00f1o y producci\u00f3n gr\u00e1fico, web\",\"publisher\":{\"@id\":\"https:\/\/creaideas.cl\/w23\/#organization\"},\"potentialAction\":[{\"@type\":\"SearchAction\",\"target\":{\"@type\":\"EntryPoint\",\"urlTemplate\":\"https:\/\/creaideas.cl\/w23\/?s={search_term_string}\"},\"query-input\":{\"@type\":\"PropertyValueSpecification\",\"valueRequired\":true,\"valueName\":\"search_term_string\"}}],\"inLanguage\":\"es-CL\"},{\"@type\":\"Organization\",\"@id\":\"https:\/\/creaideas.cl\/w23\/#organization\",\"name\":\"Agencia de Medios Creaideas cl\",\"url\":\"https:\/\/creaideas.cl\/w23\/\",\"logo\":{\"@type\":\"ImageObject\",\"inLanguage\":\"es-CL\",\"@id\":\"https:\/\/creaideas.cl\/w23\/#\/schema\/logo\/image\/\",\"url\":\"https:\/\/creaideas.cl\/w23\/wp-content\/uploads\/2025\/04\/Logo-Creaideas-2025-preload.png\",\"contentUrl\":\"https:\/\/creaideas.cl\/w23\/wp-content\/uploads\/2025\/04\/Logo-Creaideas-2025-preload.png\",\"width\":1000,\"height\":400,\"caption\":\"Agencia de Medios Creaideas cl\"},\"image\":{\"@id\":\"https:\/\/creaideas.cl\/w23\/#\/schema\/logo\/image\/\"},\"sameAs\":[\"https:\/\/www.instagram.com\/creaideas.cl\/\"]},{\"@type\":\"Person\",\"@id\":\"https:\/\/creaideas.cl\/w23\/#\/schema\/person\/ec57d2b44ced9dbeee05030cf74b5bf4\",\"name\":\"Arte\",\"url\":\"https:\/\/creaideas.cl\/w23\/author\/arte\/\"}]}<\/script>\n<!-- \/ Yoast SEO plugin. -->","yoast_head_json":{"title":"Videos Corporativos. - :: Agencia Creaideas.cl","robots":{"index":"index","follow":"follow","max-snippet":"max-snippet:-1","max-image-preview":"max-image-preview:large","max-video-preview":"max-video-preview:-1"},"canonical":"https:\/\/creaideas.cl\/w23\/2013\/12\/entry-with-post-format-video\/","og_locale":"es_ES","og_type":"article","og_title":"Videos Corporativos. - :: Agencia Creaideas.cl","og_description":"Videos Corporativos, el atractivo de la imagen en movimiento esta al alcance de todos, en la actualidad con los equipos disponibles se puede lograr material muy atractivo y de gran impacto. cont\u00e1ctenos","og_url":"https:\/\/creaideas.cl\/w23\/2013\/12\/entry-with-post-format-video\/","og_site_name":":: Agencia Creaideas.cl","article_publisher":"https:\/\/www.instagram.com\/creaideas.cl\/","article_published_time":"2013-12-24T18:48:06+00:00","article_modified_time":"2019-03-11T08:02:56+00:00","author":"Arte","twitter_card":"summary_large_image","twitter_misc":{"Escrito por":"Arte"},"schema":{"@context":"https:\/\/schema.org","@graph":[{"@type":"Article","@id":"https:\/\/creaideas.cl\/w23\/2013\/12\/entry-with-post-format-video\/#article","isPartOf":{"@id":"https:\/\/creaideas.cl\/w23\/2013\/12\/entry-with-post-format-video\/"},"author":{"name":"Arte","@id":"https:\/\/creaideas.cl\/w23\/#\/schema\/person\/ec57d2b44ced9dbeee05030cf74b5bf4"},"headline":"Videos Corporativos.","datePublished":"2013-12-24T18:48:06+00:00","dateModified":"2019-03-11T08:02:56+00:00","mainEntityOfPage":{"@id":"https:\/\/creaideas.cl\/w23\/2013\/12\/entry-with-post-format-video\/"},"wordCount":38,"commentCount":0,"publisher":{"@id":"https:\/\/creaideas.cl\/w23\/#organization"},"keywords":["promocionales","spot","videos","videos facebook","videos musicales","videos redes"],"articleSection":["Novedades"],"inLanguage":"es-CL","potentialAction":[{"@type":"CommentAction","name":"Comment","target":["https:\/\/creaideas.cl\/w23\/2013\/12\/entry-with-post-format-video\/#respond"]}]},{"@type":"WebPage","@id":"https:\/\/creaideas.cl\/w23\/2013\/12\/entry-with-post-format-video\/","url":"https:\/\/creaideas.cl\/w23\/2013\/12\/entry-with-post-format-video\/","name":"Videos Corporativos. - :: Agencia Creaideas.cl","isPartOf":{"@id":"https:\/\/creaideas.cl\/w23\/#website"},"datePublished":"2013-12-24T18:48:06+00:00","dateModified":"2019-03-11T08:02:56+00:00","breadcrumb":{"@id":"https:\/\/creaideas.cl\/w23\/2013\/12\/entry-with-post-format-video\/#breadcrumb"},"inLanguage":"es-CL","potentialAction":[{"@type":"ReadAction","target":["https:\/\/creaideas.cl\/w23\/2013\/12\/entry-with-post-format-video\/"]}]},{"@type":"BreadcrumbList","@id":"https:\/\/creaideas.cl\/w23\/2013\/12\/entry-with-post-format-video\/#breadcrumb","itemListElement":[{"@type":"ListItem","position":1,"name":"Portada","item":"https:\/\/creaideas.cl\/w23\/"},{"@type":"ListItem","position":2,"name":"Videos Corporativos."}]},{"@type":"WebSite","@id":"https:\/\/creaideas.cl\/w23\/#website","url":"https:\/\/creaideas.cl\/w23\/","name":"www.Creaideas.cl","description":"dise\u00f1o y producci\u00f3n gr\u00e1fico, web","publisher":{"@id":"https:\/\/creaideas.cl\/w23\/#organization"},"potentialAction":[{"@type":"SearchAction","target":{"@type":"EntryPoint","urlTemplate":"https:\/\/creaideas.cl\/w23\/?s={search_term_string}"},"query-input":{"@type":"PropertyValueSpecification","valueRequired":true,"valueName":"search_term_string"}}],"inLanguage":"es-CL"},{"@type":"Organization","@id":"https:\/\/creaideas.cl\/w23\/#organization","name":"Agencia de Medios Creaideas cl","url":"https:\/\/creaideas.cl\/w23\/","logo":{"@type":"ImageObject","inLanguage":"es-CL","@id":"https:\/\/creaideas.cl\/w23\/#\/schema\/logo\/image\/","url":"https:\/\/creaideas.cl\/w23\/wp-content\/uploads\/2025\/04\/Logo-Creaideas-2025-preload.png","contentUrl":"https:\/\/creaideas.cl\/w23\/wp-content\/uploads\/2025\/04\/Logo-Creaideas-2025-preload.png","width":1000,"height":400,"caption":"Agencia de Medios Creaideas cl"},"image":{"@id":"https:\/\/creaideas.cl\/w23\/#\/schema\/logo\/image\/"},"sameAs":["https:\/\/www.instagram.com\/creaideas.cl\/"]},{"@type":"Person","@id":"https:\/\/creaideas.cl\/w23\/#\/schema\/person\/ec57d2b44ced9dbeee05030cf74b5bf4","name":"Arte","url":"https:\/\/creaideas.cl\/w23\/author\/arte\/"}]}},"_links":{"self":[{"href":"https:\/\/creaideas.cl\/w23\/wp-json\/wp\/v2\/posts\/47","targetHints":{"allow":["GET"]}}],"collection":[{"href":"https:\/\/creaideas.cl\/w23\/wp-json\/wp\/v2\/posts"}],"about":[{"href":"https:\/\/creaideas.cl\/w23\/wp-json\/wp\/v2\/types\/post"}],"author":[{"embeddable":true,"href":"https:\/\/creaideas.cl\/w23\/wp-json\/wp\/v2\/users\/1"}],"replies":[{"embeddable":true,"href":"https:\/\/creaideas.cl\/w23\/wp-json\/wp\/v2\/comments?post=47"}],"version-history":[{"count":3,"href":"https:\/\/creaideas.cl\/w23\/wp-json\/wp\/v2\/posts\/47\/revisions"}],"predecessor-version":[{"id":330,"href":"https:\/\/creaideas.cl\/w23\/wp-json\/wp\/v2\/posts\/47\/revisions\/330"}],"wp:attachment":[{"href":"https:\/\/creaideas.cl\/w23\/wp-json\/wp\/v2\/media?parent=47"}],"wp:term":[{"taxonomy":"category","embeddable":true,"href":"https:\/\/creaideas.cl\/w23\/wp-json\/wp\/v2\/categories?post=47"},{"taxonomy":"post_tag","embeddable":true,"href":"https:\/\/creaideas.cl\/w23\/wp-json\/wp\/v2\/tags?post=47"}],"curies":[{"name":"wp","href":"https:\/\/api.w.org\/{rel}","templated":true}]}}